{"id":1153,"date":"2013-11-22T15:17:20","date_gmt":"2013-11-22T14:17:20","guid":{"rendered":"http:\/\/www.andreaeichenberger.com\/?p=1153"},"modified":"2022-09-18T13:05:37","modified_gmt":"2022-09-18T12:05:37","slug":"texts","status":"publish","type":"post","link":"http:\/\/www.andreaeichenberger.com\/?p=1153","title":{"rendered":"Texts"},"content":{"rendered":"<h2><\/h2>\n<h2><span style=\"color: #333333;\"><strong>TEXTS <\/strong><\/span><span style=\"color: #333333;\"><strong>AND ARTICLES<\/strong><strong><br \/>\n<\/strong><\/span><\/h2>\n<p><span style=\"color: #333333;\"><a href=\"http:\/\/www.andreaeichenberger.com\/wp-content\/uploads\/2022\/01\/Artigo-Niura-tableaux.pdf\" target=\"_blank\" rel=\"noopener\"><span style=\"color: #333333;\"><strong>Niura A. Legramante Ribeiro<\/strong><\/span><\/a>, <\/span><span style=\"color: #333333;\">\u00ab\u00a0<em>Tableaux\u00a0\u00bb<\/em> <\/span><span style=\"color: #333333;\"><em><span style=\"color: #333333;\">fotogr\u00e1ficos de fontes pict\u00f3ricas em paisagens de Andrea Eichenberger.<\/span> <\/em>In: (Re)exist\u00eancias: anais do 30\u00ba encontro nacional da ANPAP. Anais&#8230;Jo\u00e3o Pessoa(PB) ANPAP, 2021.<\/span><\/p>\n<p><span style=\"color: #333333;\"><a href=\"http:\/\/www.andreaeichenberger.com\/wp-content\/uploads\/2022\/01\/Niura-Legramante-Ribeiro.pdf\" target=\"_blank\" rel=\"noopener\"><span style=\"color: #333333;\"><strong>Niura A. Legramante Ribeiro<\/strong><\/span><\/a>, <em>Squat: mem\u00f3ria de um encontro, de Andrea Eichenberger<\/em>. In Anais do 40\u00ba Col\u00f3quio do Comit\u00ea Brasileiro de Hist\u00f3ria da Arte: Pesquisas em di\u00e1logo, 2020.<\/span><\/p>\n<p><span style=\"color: #333333;\"><a href=\"http:\/\/www.andreaeichenberger.com\/wp-content\/uploads\/2022\/01\/AUTOFOCO-AS-RESSIGNIFICAC\u0327O\u0303ES...-Niura-A.-L.-Ribeiro.pdf\" target=\"_blank\" rel=\"noopener\"><span style=\"color: #333333;\"><strong>Niura A. Legramante Ribeiro<\/strong><\/span><\/a>, <em>Autofoco : as ressignifica\u00e7\u00f5es dos autorretratos em fotografias de artistas com seus dispositivos de trabalho<\/em>.\u00a0 In O artista em representa\u00e7\u00e3o: cole\u00e7\u00f5es de artistas \/ Organizadores: Alberto Mart\u00edn Chill\u00f3n, Ana Maria Tavares Cavalcanti, Arthur Valle, Fernanda Pitta, Maria Jo\u00e3o Neto, Marize Malta e Sonia Gomes Pereira. Tradutores: Jo\u00e3o Ricardo Milliet e Natalie Lima. &#8211; 1. ed. &#8211; Rio de Janeiro : NAU Editora, 2020.<\/span><\/p>\n<p><span style=\"color: #333333;\"><a href=\"https:\/\/www.editionstextuel.com\/livre\/50_ans_de_photographie_francaise_de_1970_a_nos_jours?fbclid=IwAR1wDLcByvcR6rJtZOLolHoVG9A1knhhDnI9Jv8iDHaiBDWwt6upByZalc0\" target=\"_blank\" rel=\"noopener\"><strong>Michel Poivert<\/strong><\/a>, <em>50 ans de photographie fran\u00e7aise de 1970 \u00e0 nos jours<\/em>, \u00c9ditions Textuel. 2019.<\/span><\/p>\n<p><span style=\"color: #333333;\"><a href=\"http:\/\/www.andreaeichenberger.com\/wp-content\/uploads\/2019\/01\/Article-Triennale2018.jpg\" target=\"_blank\" rel=\"noopener\"><span style=\"color: #333333;\"><strong>Alice Jaspart<\/strong><\/span><\/a>, <em>Les mille briques<\/em>. Catalogue de la 6<sup>e<\/sup> Triennale de Photographie et Architecture \u2013 Facult\u00e9 d\u2019Architecture La Cambre Horta, Bruxelles<\/span><span style=\"color: #333333;\">. 2018<\/span><span style=\"color: #333333;\"> (fr).<\/span><\/p>\n<p><span style=\"color: #333333;\"><a href=\"http:\/\/www.andreaeichenberger.com\/wp-content\/uploads\/2018\/05\/2018-05-AMC.pdf\" target=\"_blank\" rel=\"noopener\"><span style=\"color: #333333;\"><strong>Mathieu Oui<\/strong><\/span><\/a>, <em>Les espaces de r\u00e9clusion d&rsquo;Andrea Eichenberger<\/em>. Revue AMC, n\u00b0269, mai 2018 <\/span><span style=\"color: #333333;\">(fr).<\/span><\/p>\n<p><span style=\"color: #333333;\"><strong><a href=\"http:\/\/www.andreaeichenberger.com\/wp-content\/uploads\/2016\/10\/Les-Photaumnales-2016.-13-ed.-Love-Stories.-Catalogue-du-festivalb.pdf\" target=\"_blank\" rel=\"noopener\"><span style=\"color: #333333;\">Love Stories,<\/span><\/a><\/strong> <\/span><span style=\"color: #333333;\"><em>Les mille briques.<\/em><\/span><span style=\"color: #333333;\"> Les Photaumnales. 13e \u00e9dition. Catalogue du festival. 2016 <\/span><span style=\"color: #333333;\">(fr).<\/span><\/p>\n<p><span style=\"color: #333333;\"><a href=\"http:\/\/www.andreaeichenberger.com\/wp-content\/uploads\/2016\/10\/pageCPicardCPI2016100986COMPIEGN10007.pdf\" target=\"_blank\" rel=\"noopener\"><span style=\"color: #333333;\"><strong>Fanny Doll\u00e9,<\/strong><\/span><\/a> <em>M\u00e9moire d&rsquo;une prison.<\/em> Courrier Picard, dimanche, 9 octobre 2016 <\/span><span style=\"color: #333333;\">(fr).<\/span><\/p>\n<p><span style=\"color: #333333;\"><a href=\"http:\/\/cral.in2p3.fr\/artelogie\/spip.php?article347\" target=\"_blank\" rel=\"noopener\"><span style=\"color: #333333;\"><b>Fernanda Aguiar Carneiro Martins<\/b><\/span><\/a><em><a href=\"http:\/\/cral.in2p3.fr\/artelogie\/spip.php?article347\" target=\"_blank\" rel=\"noopener\"><span style=\"color: #333333;\">,<\/span><\/a> L&rsquo;ANTROPOLOGIQUE ET L&rsquo;ARTISTIQUE et vice-versa,<\/em> Revue Artelogie, 2015 (fr).<\/span><\/p>\n<p><span style=\"color: #333333;\"><a href=\"http:\/\/www.andreaeichenberger.com\/wp-content\/uploads\/2014\/12\/2014-09-art-press-michel-poivert.pdf\" target=\"_blank\" rel=\"noopener\"><span style=\"color: #333333;\"><strong>Michel<\/strong><strong> Poivert<\/strong><\/span><\/a>, <em>La veine d\u00e9mocratique: lente restauration d&rsquo;une po\u00e9tique des usages.<\/em> ArtPress 2. Trimestriel n\u00b034, Aout\/Sep\/Oct 2014 (fr).<\/span><\/p>\n<p><span style=\"color: #333333;\"><a href=\"http:\/\/www.andreaeichenberger.com\/wp-content\/uploads\/2014\/12\/2014-11-29-Squat-DC-Alex-Krahmer.pdf\" target=\"_blank\" rel=\"noopener\"><span style=\"color: #333333;\"><strong>Alex Krahmer<\/strong><\/span><\/a>, <em>Temporariamente dispon\u00edvel: SQUAT, \u00e0 mem\u00f3ria de Y. Sobre o livro de artista Squat de Andrea Eichenberger, <\/em>Di\u00e1rio Catarinense,<em> Cultura, 29.11. 2014 (pt)<\/em>.<\/span><\/p>\n<p><span style=\"color: #333333;\"><a href=\"http:\/\/www.andreaeichenberger.com\/wp-content\/uploads\/2014\/05\/Michel-Poivert-Translitoranea-une-utopie.pdf\" target=\"_blank\" rel=\"noopener\"><span style=\"color: #333333;\"><strong>Michel Poivert<\/strong><\/span><\/a><em>, Translitor\u00e2nea<\/em>: <em>une utopie, <\/em>catalogue exposition Translitor\u00e2nea, 2014 (pt, fr, en).<em><br \/>\n<\/em><\/span><\/p>\n<p><span style=\"color: #333333;\"><b><a href=\"http:\/\/www.ufrb.edu.br\/cinecachoeira\/2014\/03\/o-antropologico-e-o-artistico-e-vice-versa\/\" target=\"_blank\" rel=\"noopener\"><span style=\"color: #333333;\">Fernanda Aguiar Carneiro Martins<\/span><\/a><\/b><em>, O ANTROPOL\u00d3GICO E O ART\u00cdSTICO e vice-versa,<\/em> Cine Cachoeira, 2014 (pt).<\/span><\/p>\n<p><span style=\"color: #333333;\"><strong><a href=\"http:\/\/lenscratch.com\/2014\/04\/andrea-eichenbergertranslitoranea\/\" target=\"_blank\" rel=\"noopener\"><span style=\"color: #333333;\">Aline Smithson<\/span><\/a>,<\/strong> <em>Andrea Eichenberger, Translitor\u00e2nea<\/em>, Lenscrascht, 2014 (en).<\/span><\/p>\n<p><span style=\"color: #333333;\"><a href=\"http:\/\/www.andreaeichenberger.com\/wp-content\/uploads\/2014\/12\/2014-04-revista-photos.pdf\" target=\"_blank\" rel=\"noopener\"><span style=\"color: #333333;\"><strong>Celia Antonacci \/ Bola Teixeira<\/strong><\/span><\/a><em>, Translitor\u00e2nea nas lentes de Andrea Eichenberger: uma po\u00e9tica do encontro. <\/em>Photo Magazine n\u00b0 55, 2014 (pt).<\/span><\/p>\n<p><span style=\"color: #333333;\"><a href=\"http:\/\/www.andreaeichenberger.com\/wp-content\/uploads\/2014\/07\/2014-02-Charles-Monteiro-Rostos.pdf\" target=\"_blank\" rel=\"noopener\"><span style=\"color: #333333;\"><strong>Charles Monteiro<\/strong><\/span><\/a><em>, Rostos, paisagens e cores do nosso pa\u00eds na fotografia de Andrea Eichenberger, <\/em>2014 (pt).<\/span><\/p>\n<p><span style=\"color: #333333;\"><a href=\"http:\/\/www.andreaeichenberger.com\/wp-content\/uploads\/2014\/12\/2014-03-13-Plural-Noticias-do-dia.pdf\" target=\"_blank\" rel=\"noopener\"><span style=\"color: #333333;\"><strong>Juliette Lunkes<\/strong><\/span><\/a>, <em>\u00c0s marges da rodovia<\/em>, Not\u00edcias do Dia, Plural, 13.03.2014 (pt).<\/span><\/p>\n<p><span style=\"color: #333333;\"><a href=\"http:\/\/photos.uol.com.br\/cartas-do-campo\/\" target=\"_blank\" rel=\"noopener\"><span style=\"color: #333333;\"><strong>Ivan Alexandre<\/strong><\/span><\/a><em>, Cartas do Campo, <\/em>Portal Photos, 2014 (pt).<\/span><\/p>\n<p><span style=\"color: #333333;\"><a href=\"http:\/\/www.andreaeichenberger.com\/wp-content\/uploads\/2014\/09\/Neri-Pedroso-Translitora\u0302nea.pdf\" target=\"_blank\" rel=\"noopener\"><span style=\"color: #333333;\"><strong>N\u00e9ri Pedroso<\/strong><\/span><\/a>, <em>Translitor\u00e2nea<\/em>, 2014 (fr).<\/span><\/p>\n<p><span style=\"color: #333333;\"><a href=\"http:\/\/www.andreaeichenberger.com\/wp-content\/uploads\/2014\/12\/2014-03-Ne\u0301ri-Pedroso.pdf\" target=\"_blank\" rel=\"noopener\"><span style=\"color: #333333;\"><strong>N\u00e9ri Pedroso<\/strong><\/span><\/a>, <em>Passaporte para a grandeza, 2014<\/em> (pt).<\/span><\/p>\n<p><span style=\"color: #333333;\"><a href=\"http:\/\/cineducacao.blogspot.fr\/2014_04_01_archive.html\" target=\"_blank\" rel=\"noopener\"><span style=\"color: #333333;\"><strong>Ally Colla\u00e7o<\/strong><\/span><\/a>, <em>Translitor\u00e2nea &#8211; o despertar do olhar sens\u00edvel!<\/em><em>, 2014 (pt)<\/em><em><br \/>\n<\/em><\/span><\/p>\n<p><span style=\"color: #333333;\"><a href=\"http:\/\/www.andreaeichenberger.com\/wp-content\/uploads\/2014\/12\/2013-09-09-Article-Var-matin-mois-de-copie.bmp\" target=\"_blank\" rel=\"noopener\"><span style=\"color: #333333;\"><strong>VDW<\/strong><\/span><\/a>, <em>\u00ab\u00a0Le jeu des paysages\u00a0\u00bb par Andrea Eichenberger<\/em>, Var matin, 09.09.2013 (fr).<\/span><\/p>\n<p><span style=\"color: #333333;\"><a href=\"http:\/\/www.andreaeichenberger.com\/wp-content\/uploads\/2014\/12\/2013-09-Chasseur-d-images.jpg\" target=\"_blank\" rel=\"noopener\"><span style=\"color: #333333;\"><strong>Herv\u00e9 Le Goff<\/strong><\/span><\/a>, <em>Photaumnales de Beauvais: Dixi\u00e8me moisson picarde, <\/em>Chasseur d&rsquo;Images, n\u00b0357, Octobre 2013 (fr).<\/span><\/p>\n<p><span style=\"color: #333333;\"><a href=\"http:\/\/www.andreaeichenberger.com\/wp-content\/uploads\/2014\/12\/2013-08-11-Reforma-Mexico-Blanca-Ruiz.pdf\" target=\"_blank\" rel=\"noopener\"><span style=\"color: #333333;\"><strong>Blanca Ruiz<\/strong><\/span><\/a>, <em>Acercamiento a trav\u00e9s de la fotograf\u00eda. Relatos de Brasil<\/em>, Reforma, Suplemento Cultural \u00ab\u00a0El Ang\u00e9l\u00a0\u00bb, M\u00e9xico 11.08.2013 (es).<\/span><\/p>\n<p><span style=\"color: #333333;\"><a href=\"http:\/\/www.andreaeichenberger.com\/wp-content\/uploads\/2014\/12\/2013-08-31-Noticias-do-dia1.pdf\" target=\"_blank\" rel=\"noopener\"><span style=\"color: #333333;\"><strong>Edinara Kley<\/strong><\/span><\/a>, <em>Olhar sobre o Mediterr\u00e2neo<\/em>, Not\u00edcias do Dia, Plural, 13.08.2013 (pt).<\/span><\/p>\n<p><span style=\"color: #333333;\"><a href=\"http:\/\/www.andreaeichenberger.com\/wp-content\/uploads\/2013\/11\/2013-05-Barnabe\u0301-Moinard.pdf\" target=\"_blank\" rel=\"noopener\"><span style=\"color: #333333;\"><strong>Barnab\u00e9 Moinard<\/strong><\/span><\/a><em>, Andrea Eichenberger<\/em>, mars, 2013 (fr).<\/span><\/p>\n<p><span style=\"color: #333333;\"><a href=\"http:\/\/www.andreaeichenberger.com\/wp-content\/uploads\/2014\/12\/2012-08-15-materia-noticias-do-dia.pdf\" target=\"_blank\" rel=\"noopener\"><span style=\"color: #333333;\"><strong>Carolina Moura<\/strong><\/span><\/a>, <em>Grades da Capital<\/em>, Not\u00edcias do Dia, Plural, 15.08.2012 (pt).<\/span><\/p>\n<h2><span style=\"color: #333333;\"><strong>INTERVIEWS<\/strong><\/span><\/h2>\n<div>\n<div>\n<p><span style=\"color: #333333;\"><a style=\"color: #333333;\" href=\"https:\/\/miniphlit.hypotheses.org\/5259\"><strong>Laurence Leguen.<\/strong><\/a>\u00a0<em>Dans le secret de la bo\u00eete noire de Daguerre : Rencontre avec Andrea Eichenberger.<\/em> Interview, Miniphlit. 15.09.2022 (fr).<\/span><\/p>\n<p><span style=\"color: #333333;\"><b><a href=\"http:\/\/inframe.fr\/interview-andrea-eichenberger\/?fbclid=IwAR3I6AnRhXXnroBLm1z16RxrBhhNblRtZt6czLJFhHbOOFKEAaAzIawolBI\" target=\"_blank\" rel=\"noopener\"><span style=\"color: #333333;\">Fran\u00e7oise Lambert<\/span><\/a><\/b>. <i>Translitor\u00e2nea &#8211; Interview<\/i>, In Frame, 10.10.2018 (fr).<\/span><\/p>\n<p><span style=\"color: #333333;\"><a href=\"http:\/\/www.andreaeichenberger.com\/wp-content\/uploads\/2016\/10\/entrevista-charles.pdf\" target=\"_blank\" rel=\"noopener\"><span style=\"color: #333333;\"><b>Charles Monteiro &amp; Lu\u00edsa Kuhl Brasil.<\/b><\/span><\/a> <i>Sobre fotografia, encontros e deslocamentos:<\/i> <i>Uma conversa entre Charles Monteiro, Lu\u00edsa Kuhl Brasil e Andrea Eichenberger<\/i>. In Translitor\u00e2nea, cat\u00e1logo da exposi\u00e7\u00e3o. Andrea Eichenberger, Michel Poivert, Charles Monteiro, Lu\u00edsa Kuhl Brasil. Curitiba, Edi\u00e7\u00e3o do Autor, 2016 (pt \/ fr).<\/span><\/p>\n<p><span style=\"color: #333333;\"><a href=\"https:\/\/issuu.com\/felipeabreu\/docs\/old_46\/65\" target=\"_blank\" rel=\"noopener\"><span style=\"color: #333333;\"><b>Revista Old, n\u00b0 46, junho 2015<\/b>. <\/span><\/a>P. 26-41 (pt).<\/span><\/p>\n<p><span style=\"color: #333333;\"><a href=\"http:\/\/www.andreaeichenberger.com\/wp-content\/uploads\/2014\/12\/2014-8-e-9.3.2014-Noti\u0301cias-do-Dia-Coluna-Expressa\u0303o-Yula-Jorge1.jpg\" target=\"_blank\" rel=\"noopener\"><span style=\"color: #333333;\"><b>Yula Jorge<\/b><\/span><\/a>, <i>Feedback Andrea Eichenberger<\/i>, Not\u00edcias do Dia, Coluna Express\u00e3o, 08.03.2014 (pt).<\/span><\/p>\n<p><span style=\"color: #333333;\"><a href=\"http:\/\/www.andreaeichenberger.com\/wp-content\/uploads\/2015\/01\/2013-03-21-ENTRETIEN-EICHENBERGER-POIVERT-.pdf\"><span style=\"color: #333333;\"><b>Michel Poivert<\/b><\/span><\/a>, <i>Andrea Eichenberger en entretien avec Michel Poivert \u00e0 l\u2019Institut National de l\u2019Histoire de l\u2019Art \u00e0 Paris<\/i> <i>le 21 mars 2013<\/i> (fr).<\/span><\/p>\n<h2><span style=\"color: #333333;\"><strong>WRITINGS<\/strong><\/span><\/h2>\n<\/div>\n<\/div>\n<p><span style=\"color: #333333;\"><strong><a href=\"https:\/\/metropolitiques.eu\/Photographier-la-prison.html\" target=\"_blank\" rel=\"noopener\"><span style=\"color: #333333;\">Andrea Eichenberger<\/span> &amp; Carole Gayet-Viaud &amp; Val\u00e9rie Icard<\/a>,<\/strong> \u00ab\u00a0Photographier la prison\u00a0\u00bb, <em>M\u00e9tropolitiques<\/em>, 14 novembre 2019 (<a href=\"https:\/\/metropolitiques.eu\/Photographier-la-prison.html\" target=\"_blank\" rel=\"noopener\"><span style=\"color: #333333;\">fr <\/span><\/a>\/ <a href=\"https:\/\/metropolitics.org\/Photographing-Prison.html?utm_source=articlesmet&amp;utm_medium=email&amp;utm_campaign=2020_10_02&amp;fbclid=IwAR0CSnsuVQ-0Z8Fj2wqKjR-tkA8eSzLZYDyOIuHQU1apFSwYilyPfaabg8s\" target=\"_blank\" rel=\"noopener\"><span style=\"color: #333333;\">en<\/span><\/a>).<\/span><\/p>\n<p><span style=\"color: #333333;\"><a href=\"http:\/\/www.andreaeichenberger.com\/wp-content\/uploads\/2019\/05\/2016-Andrea-Eichenberger-Arte-e-Lixo-.pdf\" target=\"_blank\" rel=\"noopener\"><span style=\"color: #333333;\"><strong>Andrea Eichenberger<\/strong><\/span><\/a>, <em>Do que resta : olhares sobre o lixo e o meio-ambiente<\/em>, In Rial, C. (org) O poder do lixo: abordagens antropol\u00f3gicas dos res\u00edduos s\u00f3lidos. Bras\u00edlia, Editora ABA, 2016 (pt).<\/span><\/p>\n<p><span style=\"color: #333333;\"><strong><a href=\"http:\/\/www.andreaeichenberger.com\/wp-content\/uploads\/2016\/10\/2016-Art-and-garbage-anthropological-studies-through-a-photographer-s-eyes.pdf\" target=\"_blank\" rel=\"noopener\"><span style=\"color: #333333;\">Andrea Eichenberger<\/span><\/a><em>, <\/em><\/strong><em>Art and Garbage: Anthropological Studies through a Photographer&rsquo;s eyes<\/em>. In\u00a0Beyond the Market: Building Sino-Latin American Cultural Relations,\u00a0University of Nottingham, Ningbo, China, 2016 <\/span><span style=\"color: #333333;\">(en).<\/span><\/p>\n<p><span style=\"color: #333333;\"><strong><a href=\"http:\/\/www.andreaeichenberger.com\/wp-content\/uploads\/2014\/08\/Article_Visual_Ethnography_Journal_EN_FINAL_VERSION.pdf\" target=\"_blank\" rel=\"noopener\"><span style=\"color: #333333;\">Andrea Eichenberger<\/span><\/a><\/strong>, <em>\u00ab\u00a0(in)Security\u00a0\u00bb\u00a0project: stimulating a dialogue between Art and Anthropology<\/em>,\u00a0<\/span><span style=\"color: #333333;\">Visual Etnography. Vol 3, No 1,<\/span> <span style=\"color: #333333;\">2014 (en).<\/span><\/p>\n<p><span style=\"color: #333333;\"><a href=\"http:\/\/www.andreaeichenberger.com\/wp-content\/uploads\/2019\/05\/2014-Article_Visual_Ethnography_Journal_EN_FINAL_VERSION.pdf\" target=\"_blank\" rel=\"noopener\"><span style=\"color: #333333;\"><strong>Andrea Eichenberger<\/strong><\/span><\/a>, <em>Consid\u00e9rations sur le projet \u00ab\u00a0(in)S\u00e9curit\u00e9\u00a0\u00bb: une exp\u00e9rience interdisciplinaire pour penser la ville, <\/em>Passages de Paris 9, 2014 (fr).<\/span><\/p>\n<p><span style=\"color: #333333;\">\u00a0<\/span><\/p>\n<p><span style=\"color: #333333;\">\u00a0<\/span><\/p>\n<p><span style=\"color: #333333;\">\u00a0<\/span><\/p>\n<p><span style=\"color: #333333;\">\u00a0<\/span><\/p>\n","protected":false},"excerpt":{"rendered":"<p>TEXTS AND ARTICLES Niura A. Legramante Ribeiro, \u00ab\u00a0Tableaux\u00a0\u00bb fotogr\u00e1ficos de fontes pict\u00f3ricas em paisagens de Andrea Eichenberger. In: (Re)exist\u00eancias: anais do 30\u00ba encontro nacional da ANPAP. Anais&#8230;Jo\u00e3o Pessoa(PB) ANPAP, 2021. Niura A. Legramante Ribeiro, Squat: mem\u00f3ria de um encontro, de Andrea Eichenberger. In Anais do 40\u00ba Col\u00f3quio do Comit\u00ea Brasileiro de Hist\u00f3ria da Arte: Pesquisas [&hellip;]<\/p>\n","protected":false},"author":1,"featured_media":0,"comment_status":"closed","ping_status":"open","sticky":false,"template":"","format":"standard","meta":[],"categories":[6],"tags":[],"_links":{"self":[{"href":"http:\/\/www.andreaeichenberger.com\/index.php?rest_route=\/wp\/v2\/posts\/1153"}],"collection":[{"href":"http:\/\/www.andreaeichenberger.com\/index.php?rest_route=\/wp\/v2\/posts"}],"about":[{"href":"http:\/\/www.andreaeichenberger.com\/index.php?rest_route=\/wp\/v2\/types\/post"}],"author":[{"embeddable":true,"href":"http:\/\/www.andreaeichenberger.com\/index.php?rest_route=\/wp\/v2\/users\/1"}],"replies":[{"embeddable":true,"href":"http:\/\/www.andreaeichenberger.com\/index.php?rest_route=%2Fwp%2Fv2%2Fcomments&post=1153"}],"version-history":[{"count":128,"href":"http:\/\/www.andreaeichenberger.com\/index.php?rest_route=\/wp\/v2\/posts\/1153\/revisions"}],"predecessor-version":[{"id":2986,"href":"http:\/\/www.andreaeichenberger.com\/index.php?rest_route=\/wp\/v2\/posts\/1153\/revisions\/2986"}],"wp:attachment":[{"href":"http:\/\/www.andreaeichenberger.com\/index.php?rest_route=%2Fwp%2Fv2%2Fmedia&parent=1153"}],"wp:term":[{"taxonomy":"category","embeddable":true,"href":"http:\/\/www.andreaeichenberger.com\/index.php?rest_route=%2Fwp%2Fv2%2Fcategories&post=1153"},{"taxonomy":"post_tag","embeddable":true,"href":"http:\/\/www.andreaeichenberger.com\/index.php?rest_route=%2Fwp%2Fv2%2Ftags&post=1153"}],"curies":[{"name":"wp","href":"https:\/\/api.w.org\/{rel}","templated":true}]}}