{"id":2430,"date":"2018-03-29T09:24:48","date_gmt":"2018-03-29T08:24:48","guid":{"rendered":"http:\/\/www.andreaeichenberger.com\/?p=2430"},"modified":"2023-12-05T11:16:38","modified_gmt":"2023-12-05T10:16:38","slug":"o-parque-3","status":"publish","type":"post","link":"http:\/\/www.andreaeichenberger.com\/?p=2430","title":{"rendered":"The Park"},"content":{"rendered":"<p><strong><span style=\"color: #333333;\">LE PARC<\/span><\/strong><\/p>\n<p><span style=\"color: #333333;\">Florian\u00f3polis, sud du Br\u00e9sil, ville\/\u00eele connue pour ses beaut\u00e9s naturelles, souffre, depuis quelques ann\u00e9es, avec la sp\u00e9culation immobili\u00e8re. Sur l\u2019\u00eele, la Pointe du Coral, zone de protection naturelle, se voit menac\u00e9e par la construction d\u2019un h\u00f4tel de luxe.<\/span><\/p>\n<p><span style=\"color: #333333;\">Un mouvement citoyen se bat pour la cr\u00e9ation d&rsquo;un parc public, qui respecte la diversit\u00e9 naturelle du lieu. Dans le parc imaginaire, des activit\u00e9s ponctuelles y sont d\u00e9velopp\u00e9es\u00a0: piqueniques, th\u00e9\u00e2tre, cin\u00e9ma en plein air, ateliers de danse, de lecture, d\u2019\u00e9criture.<\/span><\/p>\n<p><span style=\"color: #333333;\">Inspir\u00e9e de ce mouvement et d\u2019une visite \u00e0 l\u2019histoire de l\u2019art, j\u2019ai invit\u00e9 un groupe de personnes \u00e0 poser dans le lieu menac\u00e9. Un pont entre le pass\u00e9, le pr\u00e9sent et l\u2019avenir pour questionner les pouvoirs politique et \u00e9conomique qui transforment la ville \u00e0 leur guise.<\/span><\/p>\n<p><span style=\"color: #333333;\">\u00b0\u00b0\u00b0<\/span><\/p>\n<p><strong><span style=\"color: #333333;\">O PARQUE<\/span><\/strong><\/p>\n<p><span style=\"color: #333333;\">Florian\u00f3polis, cidade conhecida por suas belezas naturais, vem sofrendo, h\u00e1 alguns anos, com a especula\u00e7\u00e3o imobili\u00e1ria. Na ilha, a Ponta do Coral, \u00e1rea de prote\u00e7\u00e3o natural, se v\u00ea hoje amea\u00e7ada pela constru\u00e7\u00e3o de um hotel de luxo.<\/span><\/p>\n<p><span style=\"color: #333333;\">Um movimento cidad\u00e3o tem lutado pela cria\u00e7\u00e3o de um parque p\u00fablico, de livre acesso, que respeite a diversidade natural do lugar. No parque imagin\u00e1rio, atividades espec\u00edficas s\u00e3o desenvolvidas por moradores da cidade: piqueniques, teatro, cinema ao ar livre, oficinas de dan\u00e7a, de leitura, de escrita.<\/span><\/p>\n<p><span style=\"color: #333333;\">Inspirada por esse movimento e por uma visita \u00e0 hist\u00f3ria da arte, convidei um grupo de pessoas a posar \u00a0no lugar amea\u00e7ado, de modo a explor\u00e1-lo como se j\u00e1 fosse oficialmente um parque. Uma ponte entre passado, presente e futuro para questionar os poderes pol\u00edtico e econ\u00f4mico que transformam a cidade a seu modo.<\/span><\/p>\n","protected":false},"excerpt":{"rendered":"<p>LE PARC Florian\u00f3polis, sud du Br\u00e9sil, ville\/\u00eele connue pour ses beaut\u00e9s naturelles, souffre, depuis quelques ann\u00e9es, avec la sp\u00e9culation immobili\u00e8re. Sur l\u2019\u00eele, la Pointe du Coral, zone de protection naturelle, se voit menac\u00e9e par la construction d\u2019un h\u00f4tel de luxe. Un mouvement citoyen se bat pour la cr\u00e9ation d&rsquo;un parc public, qui respecte la diversit\u00e9 [&hellip;]<\/p>\n","protected":false},"author":1,"featured_media":0,"comment_status":"closed","ping_status":"open","sticky":false,"template":"","format":"standard","meta":[],"categories":[4],"tags":[],"_links":{"self":[{"href":"http:\/\/www.andreaeichenberger.com\/index.php?rest_route=\/wp\/v2\/posts\/2430"}],"collection":[{"href":"http:\/\/www.andreaeichenberger.com\/index.php?rest_route=\/wp\/v2\/posts"}],"about":[{"href":"http:\/\/www.andreaeichenberger.com\/index.php?rest_route=\/wp\/v2\/types\/post"}],"author":[{"embeddable":true,"href":"http:\/\/www.andreaeichenberger.com\/index.php?rest_route=\/wp\/v2\/users\/1"}],"replies":[{"embeddable":true,"href":"http:\/\/www.andreaeichenberger.com\/index.php?rest_route=%2Fwp%2Fv2%2Fcomments&post=2430"}],"version-history":[{"count":5,"href":"http:\/\/www.andreaeichenberger.com\/index.php?rest_route=\/wp\/v2\/posts\/2430\/revisions"}],"predecessor-version":[{"id":3047,"href":"http:\/\/www.andreaeichenberger.com\/index.php?rest_route=\/wp\/v2\/posts\/2430\/revisions\/3047"}],"wp:attachment":[{"href":"http:\/\/www.andreaeichenberger.com\/index.php?rest_route=%2Fwp%2Fv2%2Fmedia&parent=2430"}],"wp:term":[{"taxonomy":"category","embeddable":true,"href":"http:\/\/www.andreaeichenberger.com\/index.php?rest_route=%2Fwp%2Fv2%2Fcategories&post=2430"},{"taxonomy":"post_tag","embeddable":true,"href":"http:\/\/www.andreaeichenberger.com\/index.php?rest_route=%2Fwp%2Fv2%2Ftags&post=2430"}],"curies":[{"name":"wp","href":"https:\/\/api.w.org\/{rel}","templated":true}]}}