{"id":2775,"date":"2020-07-05T15:15:12","date_gmt":"2020-07-05T14:15:12","guid":{"rendered":"http:\/\/www.andreaeichenberger.com\/?p=2775"},"modified":"2021-03-08T10:11:24","modified_gmt":"2021-03-08T09:11:24","slug":"sans-titre-5","status":"publish","type":"post","link":"http:\/\/www.andreaeichenberger.com\/?p=2775","title":{"rendered":"Sans titre"},"content":{"rendered":"<p><span style=\"color: #333333;\"><strong>Projet de cr\u00e9ation et m\u00e9diation photographique \u2013 CRP\/Centre r\u00e9gional de la photographie Hauts-de-France et Centre psychoth\u00e9rapique de Saint-Saulve (2019 &#8211; 2020)<\/strong><\/span><\/p>\n<p><span style=\"color: #333333;\">Ce projet collaboratif s\u2019inscrit dans le cadre du d\u00e9m\u00e9nagement du Centre psychoth\u00e9rapique de Saint-Saulve, o\u00f9 exer\u00e7ait le PAST (Plateau d\u2019Activit\u00e9s Socio-Th\u00e9rapeutiques), vers le Centre Hospitalier de Valenciennes en d\u00e9cembre 2019.<\/span><\/p>\n<p><span style=\"color: #333333;\">Dans l\u2019\u0153uvre \u00ab La po\u00e9tique de l\u2019espace \u00bb, le philosophe Gaston Bachelard montre \u00ab comment nous habitons notre espace vital en accord avec toutes les dialectiques de la vie, comment nous nous enracinons, jour par jour, dans un coin du monde \u00bb. Guid\u00e9e par ces questions, cette proposition a cherch\u00e9 \u00e0 explorer les rapports que l\u2019on a pu entretenir avec les espaces v\u00e9cus, habit\u00e9s, quotidiens, intimes et collectifs dans le territoire partag\u00e9 du centre psychoth\u00e9rapique de Saint-Saulve.<\/span><\/p>\n<p><span style=\"color: #333333;\">Plus d&rsquo;informations, <strong><a href=\"https:\/\/www.crp.photo\/projets-interstices\/\" target=\"_blank\"><span style=\"color: #333333;\">ICI. <\/span><\/a><\/strong><\/span><\/p>\n<p><em><span style=\"color: #333333;\">Photo: \u00a9 Le groupe de l&rsquo;atelier photo r\u00e9alis\u00e9 au PAST et accompagn\u00e9 par Andrea Eichenberger, 2019<\/span><\/em><\/p>\n<p>&nbsp;<\/p>\n","protected":false},"excerpt":{"rendered":"<p>Projet de cr\u00e9ation et m\u00e9diation photographique \u2013 CRP\/Centre r\u00e9gional de la photographie Hauts-de-France et Centre psychoth\u00e9rapique de Saint-Saulve (2019 &#8211; 2020) Ce projet collaboratif s\u2019inscrit dans le cadre du d\u00e9m\u00e9nagement du Centre psychoth\u00e9rapique de Saint-Saulve, o\u00f9 exer\u00e7ait le PAST (Plateau d\u2019Activit\u00e9s Socio-Th\u00e9rapeutiques), vers le Centre Hospitalier de Valenciennes en d\u00e9cembre 2019. Dans l\u2019\u0153uvre \u00ab La [&hellip;]<\/p>\n","protected":false},"author":1,"featured_media":0,"comment_status":"closed","ping_status":"open","sticky":false,"template":"","format":"standard","meta":[],"categories":[11],"tags":[],"_links":{"self":[{"href":"http:\/\/www.andreaeichenberger.com\/index.php?rest_route=\/wp\/v2\/posts\/2775"}],"collection":[{"href":"http:\/\/www.andreaeichenberger.com\/index.php?rest_route=\/wp\/v2\/posts"}],"about":[{"href":"http:\/\/www.andreaeichenberger.com\/index.php?rest_route=\/wp\/v2\/types\/post"}],"author":[{"embeddable":true,"href":"http:\/\/www.andreaeichenberger.com\/index.php?rest_route=\/wp\/v2\/users\/1"}],"replies":[{"embeddable":true,"href":"http:\/\/www.andreaeichenberger.com\/index.php?rest_route=%2Fwp%2Fv2%2Fcomments&post=2775"}],"version-history":[{"count":11,"href":"http:\/\/www.andreaeichenberger.com\/index.php?rest_route=\/wp\/v2\/posts\/2775\/revisions"}],"predecessor-version":[{"id":2778,"href":"http:\/\/www.andreaeichenberger.com\/index.php?rest_route=\/wp\/v2\/posts\/2775\/revisions\/2778"}],"wp:attachment":[{"href":"http:\/\/www.andreaeichenberger.com\/index.php?rest_route=%2Fwp%2Fv2%2Fmedia&parent=2775"}],"wp:term":[{"taxonomy":"category","embeddable":true,"href":"http:\/\/www.andreaeichenberger.com\/index.php?rest_route=%2Fwp%2Fv2%2Fcategories&post=2775"},{"taxonomy":"post_tag","embeddable":true,"href":"http:\/\/www.andreaeichenberger.com\/index.php?rest_route=%2Fwp%2Fv2%2Ftags&post=2775"}],"curies":[{"name":"wp","href":"https:\/\/api.w.org\/{rel}","templated":true}]}}